{"id":1360,"date":"2017-01-13T01:25:07","date_gmt":"2017-01-13T00:25:07","guid":{"rendered":"http:\/\/www.drancyechecs-cavalierbleu.com\/wordpress\/?p=1360"},"modified":"2017-01-13T01:47:13","modified_gmt":"2017-01-13T00:47:13","slug":"jean-durpoix-fondateur-du-cavalier-bleu-est-parti","status":"publish","type":"post","link":"https:\/\/www.drancyechecs-cavalierbleu.com\/wordpress\/?p=1360","title":{"rendered":"Jean Durpoix, fondateur du Cavalier Bleu, est parti."},"content":{"rendered":"<p>Le fondateur du Cavalier Bleu Jean Durpoix s\u2019en est all\u00e9 tranquillement dans la nuit du 10 au 11\u00a0janvier\u00a02017. Une mauvaise grippe et une insuffisance respiratoire chronique qui l\u2019affaiblissait ces derniers mois auront eu raison de ses forces malgr\u00e9 toute l\u2019assistance de l\u2019h\u00f4pital Avicenne de Bobigny (Seine-Saint-Denis).<br \/>\nN\u00e9 le 2\u00a0juillet\u00a01928, Jean avait f\u00eat\u00e9 ses 88\u00a0ans l\u2019\u00e9t\u00e9 dernier.<\/p>\n<p>Jean avait fond\u00e9 en<a href=\"http:\/\/www.drancyechecs-cavalierbleu.com\/wordpress\/?attachment_id=1362\" rel=\"attachment wp-att-1362\"><img loading=\"lazy\" decoding=\"async\" class=\"alignleft wp-image-1362\" src=\"http:\/\/www.drancyechecs-cavalierbleu.com\/wordpress\/wp-content\/medias\/2017\/01\/2013_12_blitz_Buchy_Durpoix9.jpg\" alt=\"\" width=\"280\" height=\"210\" srcset=\"https:\/\/www.drancyechecs-cavalierbleu.com\/wordpress\/wp-content\/medias\/2017\/01\/2013_12_blitz_Buchy_Durpoix9.jpg 3264w, https:\/\/www.drancyechecs-cavalierbleu.com\/wordpress\/wp-content\/medias\/2017\/01\/2013_12_blitz_Buchy_Durpoix9-250x188.jpg 250w, https:\/\/www.drancyechecs-cavalierbleu.com\/wordpress\/wp-content\/medias\/2017\/01\/2013_12_blitz_Buchy_Durpoix9-768x576.jpg 768w, https:\/\/www.drancyechecs-cavalierbleu.com\/wordpress\/wp-content\/medias\/2017\/01\/2013_12_blitz_Buchy_Durpoix9-570x428.jpg 570w, https:\/\/www.drancyechecs-cavalierbleu.com\/wordpress\/wp-content\/medias\/2017\/01\/2013_12_blitz_Buchy_Durpoix9-624x468.jpg 624w\" sizes=\"(max-width: 280px) 100vw, 280px\" \/><\/a> 1972 \u2018Le Cavalier Bleu\u2019 du nom de la MJC o\u00f9 le club <a href=\"http:\/\/www.drancyechecs-cavalierbleu.com\/wordpress\/?page_id=4\">se r\u00e9unissait \u00e0 l\u2019\u00e9poque.<\/a><br \/>\nA la fin des ann\u00e9es 1970 et au d\u00e9but des ann\u00e9es 1980, alors que Jean prenait les enfants au club ensemble et leur inculquait les rudiments du jeu, Drancy devenait \u00e9galement avec Aubervilliers, un rendez-vous important pour jouer des tournois rapides, souvent avec handicap de temps.<\/p>\n<p><a href=\"http:\/\/www.drancyechecs-cavalierbleu.com\/wordpress\/?attachment_id=1364\" rel=\"attachment wp-att-1364\"><img loading=\"lazy\" decoding=\"async\" class=\"alignleft wp-image-1364\" src=\"http:\/\/www.drancyechecs-cavalierbleu.com\/wordpress\/wp-content\/medias\/2017\/01\/Cavalier_Bleu_fond_cour.jpg\" alt=\"\" width=\"152\" height=\"194\" srcset=\"https:\/\/www.drancyechecs-cavalierbleu.com\/wordpress\/wp-content\/medias\/2017\/01\/Cavalier_Bleu_fond_cour.jpg 2448w, https:\/\/www.drancyechecs-cavalierbleu.com\/wordpress\/wp-content\/medias\/2017\/01\/Cavalier_Bleu_fond_cour-196x250.jpg 196w, https:\/\/www.drancyechecs-cavalierbleu.com\/wordpress\/wp-content\/medias\/2017\/01\/Cavalier_Bleu_fond_cour-768x977.jpg 768w, https:\/\/www.drancyechecs-cavalierbleu.com\/wordpress\/wp-content\/medias\/2017\/01\/Cavalier_Bleu_fond_cour-448x570.jpg 448w, https:\/\/www.drancyechecs-cavalierbleu.com\/wordpress\/wp-content\/medias\/2017\/01\/Cavalier_Bleu_fond_cour-624x794.jpg 624w\" sizes=\"(max-width: 152px) 100vw, 152px\" \/><\/a>Il n\u2019y avait pas de Elo pour les amateurs et l\u2019on parlait alors de joueurs de premi\u00e8re, deuxi\u00e8me etc. cat\u00e9gorie.<\/p>\n<p>C\u2019\u00e9tait la grande \u00e9poque des appariements sans ordinateur et d\u2019une organisation o\u00f9 les prix par cat\u00e9gorie \u00e9taient rois. Jean avait \u00e9t\u00e9 fascin\u00e9 par l\u2019ambiance du club parisien Ca\u00efssa, mais se d\u00e9placer \u00e0 Paris pour jouer prenait trop de temps, alors il s\u2019\u00e9tait lanc\u00e9.<\/p>\n<p>Ses talents d\u2019organisateur que ce soit dans des simultan\u00e9es publiques \u00e0 Drancy ou dans des tournois pour le T\u00e9l\u00e9thon n\u2019\u00e9touffaient en rien le joueur.<\/p>\n<p><a href=\"http:\/\/www.drancyechecs-cavalierbleu.com\/wordpress\/?attachment_id=1366\" rel=\"attachment wp-att-1366\"><img loading=\"lazy\" decoding=\"async\" class=\"alignleft size-full wp-image-1366\" src=\"http:\/\/www.drancyechecs-cavalierbleu.com\/wordpress\/wp-content\/medias\/2017\/01\/1974_simul_Kortchno\u00ef_Paris15.jpg\" alt=\"\" width=\"3264\" height=\"2448\" srcset=\"https:\/\/www.drancyechecs-cavalierbleu.com\/wordpress\/wp-content\/medias\/2017\/01\/1974_simul_Kortchno\u00ef_Paris15.jpg 3264w, https:\/\/www.drancyechecs-cavalierbleu.com\/wordpress\/wp-content\/medias\/2017\/01\/1974_simul_Kortchno\u00ef_Paris15-250x188.jpg 250w, https:\/\/www.drancyechecs-cavalierbleu.com\/wordpress\/wp-content\/medias\/2017\/01\/1974_simul_Kortchno\u00ef_Paris15-768x576.jpg 768w, https:\/\/www.drancyechecs-cavalierbleu.com\/wordpress\/wp-content\/medias\/2017\/01\/1974_simul_Kortchno\u00ef_Paris15-570x428.jpg 570w, https:\/\/www.drancyechecs-cavalierbleu.com\/wordpress\/wp-content\/medias\/2017\/01\/1974_simul_Kortchno\u00ef_Paris15-624x468.jpg 624w\" sizes=\"(max-width: 3264px) 100vw, 3264px\" \/><\/a><\/p>\n<p>Ainsi, il n\u2019a pas rat\u00e9 la simultan\u00e9e donn\u00e9e par le candidat au titre mondial Viktor Kortchno\u00ef en 1974 \u00e0 Paris <em>(sur la photo, Jean est face \u00e0 la chaise)<\/em>\u00a0; il fallait l\u2019entendre conter sa partie et ses impressions sur cet affrontement. Voir des joueurs sovi\u00e9tiques en chair et en os \u00e9tait si rare en France et Kortchno\u00ef \u00e9tait d\u00e9j\u00e0 une masse qui impressionnait.<\/p>\n<p>Avec le temps, Jean Durpoix a pu construire une base \u2013 enseigner aux jeunes \u2013 tout en essayant de monter avec les moyens du bord une \u00e9quipe. Apr\u00e8s de longs efforts, l\u2019apoth\u00e9ose est arriv\u00e9e pour Drancy\u00a0: le club s\u2019est hiss\u00e9 dans la plus haute division en 1992 avec comme piliers le champion de France Nicolas Giffard et la doublette ukrainienne Komarov et Legky, tous trois rest\u00e9s plus de vingt ans fid\u00e8les au club.<\/p>\n<p><a href=\"http:\/\/www.drancyechecs-cavalierbleu.com\/wordpress\/?attachment_id=1365\" rel=\"attachment wp-att-1365\"><img loading=\"lazy\" decoding=\"async\" class=\"alignleft wp-image-1365\" src=\"http:\/\/www.drancyechecs-cavalierbleu.com\/wordpress\/wp-content\/medias\/2017\/01\/Durpoix_Remi_A-DETERMINER-ANNEE.jpg\" alt=\"\" width=\"251\" height=\"189\" srcset=\"https:\/\/www.drancyechecs-cavalierbleu.com\/wordpress\/wp-content\/medias\/2017\/01\/Durpoix_Remi_A-DETERMINER-ANNEE.jpg 3264w, https:\/\/www.drancyechecs-cavalierbleu.com\/wordpress\/wp-content\/medias\/2017\/01\/Durpoix_Remi_A-DETERMINER-ANNEE-250x188.jpg 250w, https:\/\/www.drancyechecs-cavalierbleu.com\/wordpress\/wp-content\/medias\/2017\/01\/Durpoix_Remi_A-DETERMINER-ANNEE-768x576.jpg 768w, https:\/\/www.drancyechecs-cavalierbleu.com\/wordpress\/wp-content\/medias\/2017\/01\/Durpoix_Remi_A-DETERMINER-ANNEE-570x428.jpg 570w, https:\/\/www.drancyechecs-cavalierbleu.com\/wordpress\/wp-content\/medias\/2017\/01\/Durpoix_Remi_A-DETERMINER-ANNEE-624x468.jpg 624w\" sizes=\"(max-width: 251px) 100vw, 251px\" \/><\/a>Jean ne disait jamais \u00ab\u00a0l\u2019\u00e9quipe une\u00a0\u00bb. Il disait \u00ab\u00a0mes joueurs\u00a0\u00bb comme il aurait dit \u00ab\u00a0mes enfants\u00a0\u00bb <em>(photo avec R\u00e9mi Said n\u00e9 en 1994 et toujours au club).<\/em> Bien s\u00fbr il fallait payer les ma\u00eetres et c\u2019\u00e9tait la d\u00e9brouille car comme la plupart des clubs, les subsides publiques \u00e9taient bien rares. Jean avait le bagout et le chic pour attirer de jeunes joueurs en devenir\u00a0: <a href=\"http:\/\/www.drancyechecs-cavalierbleu.com\/wordpress\/?page_id=47\">ce fut le cas pour \u00c9ric Pri\u00e9, le tout jeune Laurent Fressinet et d\u2019autres.<\/a><\/p>\n<p>Car sa carri\u00e8re de repr\u00e9sentants en vins lui avait permis de comprendre la psychologie de son interlocuteur avant m\u00eame qu\u2019il ait ouvert la bouche. Et dans les parties rapides de 10\u00a0min qu\u2019il affectionnait tant, il donnait toujours du \u00ab\u00a0mon cher ami\u00a0\u00bb pour mieux endormir l\u2019adversaire.<\/p>\n<p>Venir au club le mercredi et le samedi \u00e9tait vital pour lui. Il sortait, prenait sa voiture et rentrait quand il fallait pr\u00e9parer la soupe. Et quand il ne venait pas, c\u2019est qu\u2019il \u00e9tait malade.<\/p>\n<p>Chaque soir d\u2019interclubs, alors m\u00eame qu\u2019il n\u2019\u00e9tait plus aux commandes depuis 2011, Jean \u00e9tait avide de conna\u00eetre les r\u00e9sultats des interclubs \u00e9chiquier par \u00e9chiquier m\u00eame quand il ne connaissait pas certains joueurs. Il collectionnait d\u2019ailleurs les r\u00e9sultats de tout le parcours de Drancy aussi bien dans <em>Europe \u00c9checs <\/em>des ann\u00e9es 1990 quand les r\u00e9sultats d\u00e9taill\u00e9s y \u00e9taient donn\u00e9s par poule et par groupe que dans d\u2019obscurs bulletins de la ligue d\u2019\u00cele-de-France pour les crit\u00e9riums.<\/p>\n<p><a href=\"http:\/\/drancy2016.ffechecs.org\/\">L\u2019organisation du Top\u00a012 au ch\u00e2teau de Ladoucette<\/a> en juin 2016 fut au final une cons\u00e9cration de son travail et une suite logique dans la vie du Cavalier Bleu. La mairie avait depuis longtemps stabilis\u00e9 ce dr\u00f4le de cheval en lui attribuant un local \u00e0 lui seul \u2013\u00a0chose rare en <a href=\"http:\/\/www.drancyechecs-cavalierbleu.com\/wordpress\/?attachment_id=1363\" rel=\"attachment wp-att-1363\"><img loading=\"lazy\" decoding=\"async\" class=\"wp-image-1363 aligncenter\" src=\"http:\/\/www.drancyechecs-cavalierbleu.com\/wordpress\/wp-content\/medias\/2017\/01\/2015_09_09_3presidents_02.jpg\" alt=\"\" width=\"263\" height=\"197\" srcset=\"https:\/\/www.drancyechecs-cavalierbleu.com\/wordpress\/wp-content\/medias\/2017\/01\/2015_09_09_3presidents_02.jpg 3264w, https:\/\/www.drancyechecs-cavalierbleu.com\/wordpress\/wp-content\/medias\/2017\/01\/2015_09_09_3presidents_02-250x188.jpg 250w, https:\/\/www.drancyechecs-cavalierbleu.com\/wordpress\/wp-content\/medias\/2017\/01\/2015_09_09_3presidents_02-768x576.jpg 768w, https:\/\/www.drancyechecs-cavalierbleu.com\/wordpress\/wp-content\/medias\/2017\/01\/2015_09_09_3presidents_02-570x428.jpg 570w, https:\/\/www.drancyechecs-cavalierbleu.com\/wordpress\/wp-content\/medias\/2017\/01\/2015_09_09_3presidents_02-624x468.jpg 624w\" sizes=\"(max-width: 263px) 100vw, 263px\" \/><\/a>r\u00e9gion parisienne \u2013 et Jean \u00e9tait aux anges\u00a0: il suivait et encourageait le Cavalier Bleu tout en pr\u00e9disant souvent avec justesse les r\u00e9sultats (<em>ici trois pr\u00e9sidents sur les quatre qu&rsquo;a compt\u00e9 le Cavalier Bleu : Daniel Buchy, Jean Durpoix et l&rsquo;actuel Manuel Casas au club, en septembre 2015<\/em>).<\/p>\n<p>Tous les membres du club s\u2019associent \u00e0 la peine de sa famille et en premier lieu \u00e0 sa femme Christiane et \u00e0 ses deux enfants, Chantal et Philippe.<\/p>\n<p><strong>Les obs\u00e8ques<\/strong> de notre regrett\u00e9 pr\u00e9sident fondateur auront lieu le <strong>mercredi\u00a018\u00a0janvier \u00e0 10\u00a0h en l&rsquo;\u00e9glise Sainte-Louise-de-Marillac de Drancy<\/strong>, face \u00e0 la mairie. Une c\u00e9r\u00e9monie sera c\u00e9l\u00e9br\u00e9e en sa m\u00e9moire et ses nombreux amis lui rendront hommage. Paix \u00e0 son\u00a0\u00e2me.<\/p>\n","protected":false},"excerpt":{"rendered":"<p>Le fondateur du Cavalier Bleu Jean Durpoix s\u2019en est all\u00e9 tranquillement dans la nuit du 10 au 11\u00a0janvier\u00a02017. Une mauvaise grippe et une insuffisance respiratoire chronique qui l\u2019affaiblissait ces derniers mois auront eu raison de ses forces malgr\u00e9 toute l\u2019assistance de l\u2019h\u00f4pital Avicenne de Bobigny (Seine-Saint-Denis). N\u00e9 le 2\u00a0juillet\u00a01928, Jean avait f\u00eat\u00e9 ses 88\u00a0ans l\u2019\u00e9t\u00e9 [&hellip;]<\/p>\n","protected":false},"author":1,"featured_media":0,"comment_status":"open","ping_status":"open","sticky":false,"template":"","format":"standard","meta":{"footnotes":""},"categories":[9],"tags":[],"_links":{"self":[{"href":"https:\/\/www.drancyechecs-cavalierbleu.com\/wordpress\/index.php?rest_route=\/wp\/v2\/posts\/1360"}],"collection":[{"href":"https:\/\/www.drancyechecs-cavalierbleu.com\/wordpress\/index.php?rest_route=\/wp\/v2\/posts"}],"about":[{"href":"https:\/\/www.drancyechecs-cavalierbleu.com\/wordpress\/index.php?rest_route=\/wp\/v2\/types\/post"}],"author":[{"embeddable":true,"href":"https:\/\/www.drancyechecs-cavalierbleu.com\/wordpress\/index.php?rest_route=\/wp\/v2\/users\/1"}],"replies":[{"embeddable":true,"href":"https:\/\/www.drancyechecs-cavalierbleu.com\/wordpress\/index.php?rest_route=%2Fwp%2Fv2%2Fcomments&post=1360"}],"version-history":[{"count":9,"href":"https:\/\/www.drancyechecs-cavalierbleu.com\/wordpress\/index.php?rest_route=\/wp\/v2\/posts\/1360\/revisions"}],"predecessor-version":[{"id":1375,"href":"https:\/\/www.drancyechecs-cavalierbleu.com\/wordpress\/index.php?rest_route=\/wp\/v2\/posts\/1360\/revisions\/1375"}],"wp:attachment":[{"href":"https:\/\/www.drancyechecs-cavalierbleu.com\/wordpress\/index.php?rest_route=%2Fwp%2Fv2%2Fmedia&parent=1360"}],"wp:term":[{"taxonomy":"category","embeddable":true,"href":"https:\/\/www.drancyechecs-cavalierbleu.com\/wordpress\/index.php?rest_route=%2Fwp%2Fv2%2Fcategories&post=1360"},{"taxonomy":"post_tag","embeddable":true,"href":"https:\/\/www.drancyechecs-cavalierbleu.com\/wordpress\/index.php?rest_route=%2Fwp%2Fv2%2Ftags&post=1360"}],"curies":[{"name":"wp","href":"https:\/\/api.w.org\/{rel}","templated":true}]}}